{"id":5274,"date":"2018-09-27T23:59:49","date_gmt":"2018-09-27T21:59:49","guid":{"rendered":"https:\/\/nejcbole.com\/si\/?p=5274"},"modified":"2019-04-05T12:10:46","modified_gmt":"2019-04-05T10:10:46","slug":"porocni-fotograf-bled","status":"publish","type":"post","link":"https:\/\/nejcbole.com\/si\/porocni-fotograf-bled\/","title":{"rendered":"Poro\u010dni fotograf Bled"},"content":{"rendered":"<div>\n<p>Poro\u010dni fotograf Bled.<\/p>\n<p>Si lahko predstavljate, da prihajate iz daljne de\u017eele v majno Slovenijo in vidite to izjemno barvo jezera z majnim oto\u010dkom in cerkvico na sredini? Ni\u010d \u010dudnega, \u010de se tujci na prvi pogled zaljubijo v Bled. Podobno se je zgodilo Yulii, ko je prvi\u010d obiskala Jureta v Sloveniji. V Moskvi je je navajena velikih prostranstev in ko jo je Jure zasnubil, je bila njena \u017eelja, da se poro\u010dita na Bledu. Normalno.<\/p>\n<p>Dan smo pri\u010deli v njunem novem domu in se od tam odpravili proti Vili Bled. S pletno smo se popeljali na otok in kasneje sta si zvestobo obljubila na blejskem gradu, ki ponuja izjemne poglede na jezero. Malo je lokacij v Evropi, kjer se lahko poro\u010dite s takim pogledom. Ne verjamete? Oglejte si fotografije.<\/p>\n<\/div>\n<div><\/div>\n<div>Poro\u010dni fotograf Bled.<\/div>\n<div><\/div>\n<div><\/div>\n<div><\/div>\n<div id=\"nar_root_3ff30eff-5bcc-4847-b6c2-efcdd3887579\">\n<style>#nar_root_3ff30eff-5bcc-4847-b6c2-efcdd3887579 p {text-align:center;opacity: 0.0;animation: nara 0s ease-in 2s forwards;}@keyframes nara {to {opacity: 1.0;}}<\/style>\n<p><img style=\"width: 100%;\" src=\"https:\/\/content1.getnarrativeapp.com\/83a337a7-1abe-4663-8c7f-9a4640720e1b\/3ff30eff-5bcc-4847-b6c2-efcdd3887579-featured.jpg\" \/><\/p>\n<p>Your Narrative blog will appear here, click preview to see it live.<br \/>\nFor any issues click <a href=\"https:\/\/help.narrative.so\/i\/j\" class=\"broken_link\">here<\/a><\/p>\n<p><script type=\"text\/javascript\" src=\"https:\/\/service.getnarrativeapp.com\/core\/embed\/3ff30eff-5bcc-4847-b6c2-efcdd3887579.js\">\n<\/script><\/p>\n<\/div>\n<!-- AddThis Advanced Settings generic via filter on the_content --><!-- AddThis Share Buttons generic via filter on the_content -->","protected":false},"excerpt":{"rendered":"<p>Poro\u010dni fotograf Bled. Si lahko predstavljate, da prihajate iz daljne de\u017eele v majno Slovenijo in vidite to izjemno..<!-- AddThis Advanced Settings generic via filter on wp_trim_excerpt --><!-- AddThis Share Buttons generic via filter on wp_trim_excerpt --><\/p>\n","protected":false},"author":1,"featured_media":5277,"comment_status":"closed","ping_status":"open","sticky":false,"template":"","format":"standard","meta":[],"categories":[53,15],"tags":[5,122,26,30,33,106,121,27,50,45,6,57,58,20,22,19,32,123,74,23,17,21,18],"yoast_head":"<!-- This site is optimized with the Yoast SEO plugin v16.2 - https:\/\/yoast.com\/wordpress\/plugins\/seo\/ -->\n<title>Poro\u010dni fotograf Bled - Ko se Rusinja zaljubi v Slovenca<\/title>\n<meta name=\"description\" content=\"Poro\u010dni fotograf Bled. Rusko slovenska ljubezenska zgodba z enim najimenitnej\u0161ih pogledov v Alpah. Nejc Bole, poro\u010dni fotograf.\" \/>\n<meta name=\"robots\" content=\"index, follow, max-snippet:-1, max-image-preview:large, max-video-preview:-1\" \/>\n<link rel=\"canonical\" href=\"https:\/\/nejcbole.com\/si\/porocni-fotograf-bled\/\" \/>\n<meta property=\"og:locale\" content=\"sl_SI\" \/>\n<meta property=\"og:type\" content=\"article\" \/>\n<meta property=\"og:title\" content=\"Poro\u010dni fotograf Bled - Ko se Rusinja zaljubi v Slovenca\" \/>\n<meta property=\"og:description\" content=\"Poro\u010dni fotograf Bled. Rusko slovenska ljubezenska zgodba z enim najimenitnej\u0161ih pogledov v Alpah. Nejc Bole, poro\u010dni fotograf.\" \/>\n<meta property=\"og:url\" content=\"https:\/\/nejcbole.com\/si\/porocni-fotograf-bled\/\" \/>\n<meta property=\"og:site_name\" content=\"Nejc Bole\" \/>\n<meta property=\"article:publisher\" content=\"https:\/\/www.facebook.com\/nejcbolephotography\/\" \/>\n<meta property=\"article:published_time\" content=\"2018-09-27T21:59:49+00:00\" \/>\n<meta property=\"article:modified_time\" content=\"2019-04-05T10:10:46+00:00\" \/>\n<meta property=\"og:image\" content=\"https:\/\/nejcbole.com\/si\/wp-content\/uploads\/2018\/09\/NB1_3302-e1538067591552.jpg\" \/>\n\t<meta property=\"og:image:width\" content=\"1200\" \/>\n\t<meta property=\"og:image:height\" content=\"801\" \/>\n<meta name=\"twitter:card\" content=\"summary\" \/>\n<meta name=\"twitter:creator\" content=\"@kamplcshop\" \/>\n<meta name=\"twitter:site\" content=\"@kamplcshop\" \/>\n<meta name=\"twitter:label1\" content=\"Est. reading time\">\n\t<meta name=\"twitter:data1\" content=\"1 minuta\">\n<script type=\"application\/ld+json\" class=\"yoast-schema-graph\">{\"@context\":\"https:\/\/schema.org\",\"@graph\":[{\"@type\":\"WebSite\",\"@id\":\"https:\/\/nejcbole.com\/si\/#website\",\"url\":\"https:\/\/nejcbole.com\/si\/\",\"name\":\"Nejc Bole\",\"description\":\"Wedding photographer based in Slovenia. Creating wedding stories all over the world.\",\"potentialAction\":[{\"@type\":\"SearchAction\",\"target\":\"https:\/\/nejcbole.com\/si\/?s={search_term_string}\",\"query-input\":\"required name=search_term_string\"}],\"inLanguage\":\"sl-SI\"},{\"@type\":\"ImageObject\",\"@id\":\"https:\/\/nejcbole.com\/si\/porocni-fotograf-bled\/#primaryimage\",\"inLanguage\":\"sl-SI\",\"url\":\"https:\/\/nejcbole.com\/si\/wp-content\/uploads\/2018\/09\/NB1_3302-e1538067591552.jpg\",\"contentUrl\":\"https:\/\/nejcbole.com\/si\/wp-content\/uploads\/2018\/09\/NB1_3302-e1538067591552.jpg\",\"width\":1200,\"height\":801,\"caption\":\"Lake Bled wedding photographer\"},{\"@type\":\"WebPage\",\"@id\":\"https:\/\/nejcbole.com\/si\/porocni-fotograf-bled\/#webpage\",\"url\":\"https:\/\/nejcbole.com\/si\/porocni-fotograf-bled\/\",\"name\":\"Poro\\u010dni fotograf Bled - Ko se Rusinja zaljubi v Slovenca\",\"isPartOf\":{\"@id\":\"https:\/\/nejcbole.com\/si\/#website\"},\"primaryImageOfPage\":{\"@id\":\"https:\/\/nejcbole.com\/si\/porocni-fotograf-bled\/#primaryimage\"},\"datePublished\":\"2018-09-27T21:59:49+00:00\",\"dateModified\":\"2019-04-05T10:10:46+00:00\",\"author\":{\"@id\":\"https:\/\/nejcbole.com\/si\/#\/schema\/person\/c1bc84bbc85fda96e3aab6fc2b346d09\"},\"description\":\"Poro\\u010dni fotograf Bled. Rusko slovenska ljubezenska zgodba z enim najimenitnej\\u0161ih pogledov v Alpah. Nejc Bole, poro\\u010dni fotograf.\",\"breadcrumb\":{\"@id\":\"https:\/\/nejcbole.com\/si\/porocni-fotograf-bled\/#breadcrumb\"},\"inLanguage\":\"sl-SI\",\"potentialAction\":[{\"@type\":\"ReadAction\",\"target\":[\"https:\/\/nejcbole.com\/si\/porocni-fotograf-bled\/\"]}]},{\"@type\":\"BreadcrumbList\",\"@id\":\"https:\/\/nejcbole.com\/si\/porocni-fotograf-bled\/#breadcrumb\",\"itemListElement\":[{\"@type\":\"ListItem\",\"position\":1,\"item\":{\"@type\":\"WebPage\",\"@id\":\"https:\/\/nejcbole.com\/si\/\",\"url\":\"https:\/\/nejcbole.com\/si\/\",\"name\":\"Home\"}},{\"@type\":\"ListItem\",\"position\":2,\"item\":{\"@id\":\"https:\/\/nejcbole.com\/si\/porocni-fotograf-bled\/#webpage\"}}]},{\"@type\":\"Person\",\"@id\":\"https:\/\/nejcbole.com\/si\/#\/schema\/person\/c1bc84bbc85fda96e3aab6fc2b346d09\",\"name\":\"kamplc\"}]}<\/script>\n<!-- \/ Yoast SEO plugin. -->","_links":{"self":[{"href":"https:\/\/nejcbole.com\/si\/wp-json\/wp\/v2\/posts\/5274"}],"collection":[{"href":"https:\/\/nejcbole.com\/si\/wp-json\/wp\/v2\/posts"}],"about":[{"href":"https:\/\/nejcbole.com\/si\/wp-json\/wp\/v2\/types\/post"}],"author":[{"embeddable":true,"href":"https:\/\/nejcbole.com\/si\/wp-json\/wp\/v2\/users\/1"}],"replies":[{"embeddable":true,"href":"https:\/\/nejcbole.com\/si\/wp-json\/wp\/v2\/comments?post=5274"}],"version-history":[{"count":5,"href":"https:\/\/nejcbole.com\/si\/wp-json\/wp\/v2\/posts\/5274\/revisions"}],"predecessor-version":[{"id":5354,"href":"https:\/\/nejcbole.com\/si\/wp-json\/wp\/v2\/posts\/5274\/revisions\/5354"}],"wp:featuredmedia":[{"embeddable":true,"href":"https:\/\/nejcbole.com\/si\/wp-json\/wp\/v2\/media\/5277"}],"wp:attachment":[{"href":"https:\/\/nejcbole.com\/si\/wp-json\/wp\/v2\/media?parent=5274"}],"wp:term":[{"taxonomy":"category","embeddable":true,"href":"https:\/\/nejcbole.com\/si\/wp-json\/wp\/v2\/categories?post=5274"},{"taxonomy":"post_tag","embeddable":true,"href":"https:\/\/nejcbole.com\/si\/wp-json\/wp\/v2\/tags?post=5274"}],"curies":[{"name":"wp","href":"https:\/\/api.w.org\/{rel}","templated":true}]}}