{"id":5280,"date":"2018-10-04T13:47:06","date_gmt":"2018-10-04T11:47:06","guid":{"rendered":"https:\/\/nejcbole.com\/si\/?p=5280"},"modified":"2019-04-05T10:22:15","modified_gmt":"2019-04-05T08:22:15","slug":"poroka-v-galeriji-okusov","status":"publish","type":"post","link":"https:\/\/nejcbole.com\/si\/poroka-v-galeriji-okusov\/","title":{"rendered":"Poroka v Galeriji okusov &#8211; poletna ljubezenska zgodba"},"content":{"rendered":"<div>Poroka v Galeriji okusov.<\/div>\n<div><\/div>\n<div>Zgodba, poroka v Galeriji okusov je ljubezenska zgodba dveh Slovencev, ki \u017eivita v Berlinu. Ker sta dogodek v celoti na\u010drtovala iz Nem\u010dije, se do dneva poroke sploh nismo sre\u010dali v \u017eivo. Na\u0161 edini kontakt je bil Skype in dopisovanja preko elektronske po\u0161te. Vedno, ko sre\u010dam par \u0161ele na poroki, sem malo na trnih, kako se bomo ujeli. A kot vedno, je bilo tudi tokrat vse OK. V trenutku smo se povezali, kot bi se poznali \u017ee od prej.<\/div>\n<div><\/div>\n<div>Sre\u010dali smo se na lokaciji, kjer je vse skupaj potekalo, na vrtu Galerije okusov, ene bolj\u0161ih restavracij v Sloveniji in odli\u010dni poro\u010dni lokaciji. ko sem ju \u010dakal na vrtu je njun organizator s prefinjenim okusom dekoriral mize in okolico. Tokrat smo portretne fotografije naredili preden so pri\u0161li vsi gostje. Tako smo si res lahko vzeli dovolj \u010dasa za raziskovanje okolice in ustvarili zasers spro\u0161\u010dene fotografije.<\/div>\n<div><\/div>\n<div>Poroka v Galeriji okusov je bila res spro\u0161\u010dena in polna emocij. Na dale\u010d se je videlo, kako so vsi gostje, dru\u017eina in prijatelji u\u017eivali vsak trenutek. Sem \u017ee omenil vrhunsko restavracijo, ki jo imajo tu? Hrana, ki jo stre\u017eejo je res na visokem nivoju. Ne le okusi, temve\u010d tudi videz in na\u010din postre\u017ebe.<\/div>\n<div><\/div>\n<div>Hvala vama Klara in Alen, da sta mi dodelila to \u010dast, da sem lahko bil vajin poro\u010dni fotograf. Z veseljem se bom \u0161e vra\u010dal na to lokacijo.<\/div>\n<div><\/div>\n<div><\/div>\n<div><\/div>\n<div><\/div>\n<div id=\"nar_root_dbf5180b-fe13-4fc2-81db-cb987d162603\">\n<style>#nar_root_dbf5180b-fe13-4fc2-81db-cb987d162603 p {text-align:center;opacity: 0.0;animation: nara 0s ease-in 2s forwards;}@keyframes nara {to {opacity: 1.0;}}<\/style>\n<p><img style=\"width: 100%;\" src=\"https:\/\/content1.getnarrativeapp.com\/83a337a7-1abe-4663-8c7f-9a4640720e1b\/dbf5180b-fe13-4fc2-81db-cb987d162603-featured.jpg\" \/> Your Narrative blog will appear here, click preview to see it live. For any issues click <a href=\"https:\/\/help.narrative.so\/i\/j\" class=\"broken_link\">here<\/a> <script type=\"text\/javascript\" src=\"https:\/\/service.getnarrativeapp.com\/core\/embed\/dbf5180b-fe13-4fc2-81db-cb987d162603.js\">\n<\/script><\/p>\n<\/div>\n<p style=\"text-align: center;\">\n<!-- AddThis Advanced Settings generic via filter on the_content --><!-- AddThis Share Buttons generic via filter on the_content -->","protected":false},"excerpt":{"rendered":"<p>Poroka v Galeriji okusov. Zgodba, poroka v Galeriji okusov je ljubezenska zgodba dveh Slovencev, ki \u017eivita v Berlinu&#8230;<!-- AddThis Advanced Settings generic via filter on wp_trim_excerpt --><!-- AddThis Share Buttons generic via filter on wp_trim_excerpt --><\/p>\n","protected":false},"author":1,"featured_media":5283,"comment_status":"closed","ping_status":"open","sticky":false,"template":"","format":"standard","meta":[],"categories":[53,15],"tags":[5,26,33,79,124,106,27,50,45,6,57,58,20,22,19,32,74,23,17,21,18],"yoast_head":"<!-- This site is optimized with the Yoast SEO plugin v16.2 - https:\/\/yoast.com\/wordpress\/plugins\/seo\/ -->\n<title>Poroka v Galeriji okusov - poletna ljubezenska zgodba<\/title>\n<meta name=\"description\" content=\"Poroka v Galeriji okusov - Par iz Berlina je proslavil svojo poroko v eni izbed bolj\u0161ih slovenskih poro\u010dnih lokacij. Nejc Bole, poro\u010dni fotograf.\" \/>\n<meta name=\"robots\" content=\"index, follow, max-snippet:-1, max-image-preview:large, max-video-preview:-1\" \/>\n<link rel=\"canonical\" href=\"https:\/\/nejcbole.com\/si\/poroka-v-galeriji-okusov\/\" \/>\n<meta property=\"og:locale\" content=\"sl_SI\" \/>\n<meta property=\"og:type\" content=\"article\" \/>\n<meta property=\"og:title\" content=\"Poroka v Galeriji okusov - poletna ljubezenska zgodba\" \/>\n<meta property=\"og:description\" content=\"Poroka v Galeriji okusov - Par iz Berlina je proslavil svojo poroko v eni izbed bolj\u0161ih slovenskih poro\u010dnih lokacij. Nejc Bole, poro\u010dni fotograf.\" \/>\n<meta property=\"og:url\" content=\"https:\/\/nejcbole.com\/si\/poroka-v-galeriji-okusov\/\" \/>\n<meta property=\"og:site_name\" content=\"Nejc Bole\" \/>\n<meta property=\"article:publisher\" content=\"https:\/\/www.facebook.com\/nejcbolephotography\/\" \/>\n<meta property=\"article:published_time\" content=\"2018-10-04T11:47:06+00:00\" \/>\n<meta property=\"article:modified_time\" content=\"2019-04-05T08:22:15+00:00\" \/>\n<meta property=\"og:image\" content=\"https:\/\/nejcbole.com\/si\/wp-content\/uploads\/2018\/10\/klara_alen_18_08_18_pixieset-252-e1538649806510.jpg\" \/>\n\t<meta property=\"og:image:width\" content=\"1200\" \/>\n\t<meta property=\"og:image:height\" content=\"801\" \/>\n<meta name=\"twitter:card\" content=\"summary\" \/>\n<meta name=\"twitter:creator\" content=\"@kamplcshop\" \/>\n<meta name=\"twitter:site\" content=\"@kamplcshop\" \/>\n<meta name=\"twitter:label1\" content=\"Est. reading time\">\n\t<meta name=\"twitter:data1\" content=\"1 minuta\">\n<script type=\"application\/ld+json\" class=\"yoast-schema-graph\">{\"@context\":\"https:\/\/schema.org\",\"@graph\":[{\"@type\":\"WebSite\",\"@id\":\"https:\/\/nejcbole.com\/si\/#website\",\"url\":\"https:\/\/nejcbole.com\/si\/\",\"name\":\"Nejc Bole\",\"description\":\"Wedding photographer based in Slovenia. Creating wedding stories all over the world.\",\"potentialAction\":[{\"@type\":\"SearchAction\",\"target\":\"https:\/\/nejcbole.com\/si\/?s={search_term_string}\",\"query-input\":\"required name=search_term_string\"}],\"inLanguage\":\"sl-SI\"},{\"@type\":\"ImageObject\",\"@id\":\"https:\/\/nejcbole.com\/si\/poroka-v-galeriji-okusov\/#primaryimage\",\"inLanguage\":\"sl-SI\",\"url\":\"https:\/\/nejcbole.com\/si\/wp-content\/uploads\/2018\/10\/klara_alen_18_08_18_pixieset-252-e1538649806510.jpg\",\"contentUrl\":\"https:\/\/nejcbole.com\/si\/wp-content\/uploads\/2018\/10\/klara_alen_18_08_18_pixieset-252-e1538649806510.jpg\",\"width\":1200,\"height\":801,\"caption\":\"Mauritius wedding photographer\"},{\"@type\":\"WebPage\",\"@id\":\"https:\/\/nejcbole.com\/si\/poroka-v-galeriji-okusov\/#webpage\",\"url\":\"https:\/\/nejcbole.com\/si\/poroka-v-galeriji-okusov\/\",\"name\":\"Poroka v Galeriji okusov - poletna ljubezenska zgodba\",\"isPartOf\":{\"@id\":\"https:\/\/nejcbole.com\/si\/#website\"},\"primaryImageOfPage\":{\"@id\":\"https:\/\/nejcbole.com\/si\/poroka-v-galeriji-okusov\/#primaryimage\"},\"datePublished\":\"2018-10-04T11:47:06+00:00\",\"dateModified\":\"2019-04-05T08:22:15+00:00\",\"author\":{\"@id\":\"https:\/\/nejcbole.com\/si\/#\/schema\/person\/c1bc84bbc85fda96e3aab6fc2b346d09\"},\"description\":\"Poroka v Galeriji okusov - Par iz Berlina je proslavil svojo poroko v eni izbed bolj\\u0161ih slovenskih poro\\u010dnih lokacij. Nejc Bole, poro\\u010dni fotograf.\",\"breadcrumb\":{\"@id\":\"https:\/\/nejcbole.com\/si\/poroka-v-galeriji-okusov\/#breadcrumb\"},\"inLanguage\":\"sl-SI\",\"potentialAction\":[{\"@type\":\"ReadAction\",\"target\":[\"https:\/\/nejcbole.com\/si\/poroka-v-galeriji-okusov\/\"]}]},{\"@type\":\"BreadcrumbList\",\"@id\":\"https:\/\/nejcbole.com\/si\/poroka-v-galeriji-okusov\/#breadcrumb\",\"itemListElement\":[{\"@type\":\"ListItem\",\"position\":1,\"item\":{\"@type\":\"WebPage\",\"@id\":\"https:\/\/nejcbole.com\/si\/\",\"url\":\"https:\/\/nejcbole.com\/si\/\",\"name\":\"Home\"}},{\"@type\":\"ListItem\",\"position\":2,\"item\":{\"@id\":\"https:\/\/nejcbole.com\/si\/poroka-v-galeriji-okusov\/#webpage\"}}]},{\"@type\":\"Person\",\"@id\":\"https:\/\/nejcbole.com\/si\/#\/schema\/person\/c1bc84bbc85fda96e3aab6fc2b346d09\",\"name\":\"kamplc\"}]}<\/script>\n<!-- \/ Yoast SEO plugin. -->","_links":{"self":[{"href":"https:\/\/nejcbole.com\/si\/wp-json\/wp\/v2\/posts\/5280"}],"collection":[{"href":"https:\/\/nejcbole.com\/si\/wp-json\/wp\/v2\/posts"}],"about":[{"href":"https:\/\/nejcbole.com\/si\/wp-json\/wp\/v2\/types\/post"}],"author":[{"embeddable":true,"href":"https:\/\/nejcbole.com\/si\/wp-json\/wp\/v2\/users\/1"}],"replies":[{"embeddable":true,"href":"https:\/\/nejcbole.com\/si\/wp-json\/wp\/v2\/comments?post=5280"}],"version-history":[{"count":6,"href":"https:\/\/nejcbole.com\/si\/wp-json\/wp\/v2\/posts\/5280\/revisions"}],"predecessor-version":[{"id":5352,"href":"https:\/\/nejcbole.com\/si\/wp-json\/wp\/v2\/posts\/5280\/revisions\/5352"}],"wp:featuredmedia":[{"embeddable":true,"href":"https:\/\/nejcbole.com\/si\/wp-json\/wp\/v2\/media\/5283"}],"wp:attachment":[{"href":"https:\/\/nejcbole.com\/si\/wp-json\/wp\/v2\/media?parent=5280"}],"wp:term":[{"taxonomy":"category","embeddable":true,"href":"https:\/\/nejcbole.com\/si\/wp-json\/wp\/v2\/categories?post=5280"},{"taxonomy":"post_tag","embeddable":true,"href":"https:\/\/nejcbole.com\/si\/wp-json\/wp\/v2\/tags?post=5280"}],"curies":[{"name":"wp","href":"https:\/\/api.w.org\/{rel}","templated":true}]}}