{"id":5324,"date":"2019-01-14T01:20:58","date_gmt":"2019-01-14T00:20:58","guid":{"rendered":"https:\/\/nejcbole.com\/si\/?p=5324"},"modified":"2019-04-05T00:53:00","modified_gmt":"2019-04-04T22:53:00","slug":"intimna-poroka-v-dolini-soce","status":"publish","type":"post","link":"https:\/\/nejcbole.com\/si\/intimna-poroka-v-dolini-soce\/","title":{"rendered":"Intimna poroka v dolini So\u010de"},"content":{"rendered":"<p>Intimna poroka v dolini So\u010de &#8211; Kek\u010deva doma\u010dija.<\/p>\n<h4>Zgodba za to intimno poroko v dolini So\u010de je res zanimiva. Richard me je kontaktiral nekaj mesecev prej saj sta si z zaro\u010denko My \u017eelela fotografij nekje v slovenskih Alpah. \u0160e vedno ne vem kako pravilno izgovoriti njeno ime. Ko sem bil \u017ee prepri\u010dan, da sem pravilno izgovoril, se je le nasmehnila. Skratka, Richard in My, sta \u017ee leto prej obiskala Slovenijo in navdu\u0161ila jo je do te mere, da sta si za\u017eelela svojih poro\u010dnih fotografij nekje v slovenskih gorah, \u0161e najraje v zasne\u017eeni dolini reke So\u010de. Bil sem za in obljubil, da bom na\u0161e popolno lokacijo za njuno poroko.<\/h4>\n<p>No, po tem, ko sta se na skrivaj poro\u010dila v Stockholmu, sta spakirala, pobrala otroke in se z njima vsedla na vlak. Ja, prav ste prebrali, vlak. In odpotovali z njim vse do Ljubljane.<\/p>\n<h4>Sre\u010dali smo se v Bovcu, vreme je bilo skoraj popolno. \u010ce bi bil mesec oktober! Pa je bilo le nekaj dni do novega leta in ni bilo ne duha, ne sluha o snegu. No, \u0161e danes ga ni.<\/h4>\n<h4>Kakorkoli, vsedli smo se v avte in se odpeljali skozi Trento, vse do izvira So\u010de. Pot je trajala nekoliko dlje, saj otroka s \u0160vedske nista vajena ovinkastih cest. No koncu sta bila seved \u010disto v redu in prispeli smo d enega najbolj \u010darobnih koti\u010dkov v na\u0161i dr\u017eavi &#8211; Zadnje Trente. Ni \u010dudno, da je prav tu ena izmed najbolj slikovitih poro\u010dnih lokacij &#8211; <a href=\"https:\/\/kekceva-domacija.si\">Kek\u010deva doma\u010dija<\/a><\/h4>\n<p>Prispeli smo ravno \u0161e v \u010dasu, ko je sonce \u017ee zahajalo za gore in ustvarjalo res prelepo svetlobo.<\/p>\n<div id=\"nar_root_f6802da7-3ccb-4858-9001-c59f75953c63\">\n<style>#nar_root_f6802da7-3ccb-4858-9001-c59f75953c63 p {text-align:center;opacity: 0.0;animation: nara 0s ease-in 2s forwards;}@keyframes nara {to {opacity: 1.0;}}<\/style>\n<p><img style=\"width: 100%;\" src=\"https:\/\/content1.getnarrativeapp.com\/83a337a7-1abe-4663-8c7f-9a4640720e1b\/f6802da7-3ccb-4858-9001-c59f75953c63-featured.jpg\" \/><\/p>\n<p>Your Narrative blog will appear here, click preview to see it live.<br \/>\nFor any issues click <a href=\"https:\/\/help.narrative.so\/i\/j\" class=\"broken_link\">here<\/a><\/p>\n<p><script type=\"text\/javascript\" src=\"https:\/\/service.getnarrativeapp.com\/core\/embed\/f6802da7-3ccb-4858-9001-c59f75953c63.js\">\n<\/script><\/p>\n<\/div>\n<p>Frizura: <a href=\"https:\/\/www.facebook.com\/katjamahnehair\/\">Katja Mahne &#8211; Salon K.M.<\/a><\/p>\n<p>Li\u010denje: <a href=\"https:\/\/www.facebook.com\/sminkarnica\/\">Martina Bor\u0161\u010dak &#8211; \u0160minkarnica<\/a><\/p>\n<p>\u0160opek: <a href=\"http:\/\/www.gardenia.si\/?fbclid=IwAR3NUUXk0VajedW2Ed5kE9_l4dWh2h-1fzGTWWhAocLxzImLzAiChK1CI7E\">Gardenia.Si<\/a><\/p>\n<p>Obleka: NLY Eve<\/p>\n<p>&nbsp;<\/p>\n<h4>Intimna poroka v dolini So\u010de.<\/h4>\n<!-- AddThis Advanced Settings generic via filter on the_content --><!-- AddThis Share Buttons generic via filter on the_content -->","protected":false},"excerpt":{"rendered":"<p>Intimna poroka v dolini So\u010de &#8211; Kek\u010deva doma\u010dija. Zgodba za to intimno poroko v dolini So\u010de je res..<!-- AddThis Advanced Settings generic via filter on wp_trim_excerpt --><!-- AddThis Share Buttons generic via filter on wp_trim_excerpt --><\/p>\n","protected":false},"author":1,"featured_media":5316,"comment_status":"closed","ping_status":"open","sticky":false,"template":"","format":"standard","meta":[],"categories":[53,78,15],"tags":[135,142,143,26,125,33,132,139,79,126,138,127,106,112,130,50,62,140,22,136,141,129,131,128,21,18],"yoast_head":"<!-- This site is optimized with the Yoast SEO plugin v16.2 - https:\/\/yoast.com\/wordpress\/plugins\/seo\/ -->\n<title>Intimna poroka v dolini So\u010de -Zadnja Trenta, Kek\u010deva doma\u010dija<\/title>\n<meta name=\"description\" content=\"Intimna poroka v dolini So\u010de. Intimna poroka para iz \u0160vedske pri Kek\u010devi doma\u010diji, poro\u010dni lokaciji v osr\u010dju slovenskih alp.\" \/>\n<meta name=\"robots\" content=\"index, follow, max-snippet:-1, max-image-preview:large, max-video-preview:-1\" \/>\n<link rel=\"canonical\" href=\"https:\/\/nejcbole.com\/si\/intimna-poroka-v-dolini-soce\/\" \/>\n<meta property=\"og:locale\" content=\"sl_SI\" \/>\n<meta property=\"og:type\" content=\"article\" \/>\n<meta property=\"og:title\" content=\"Intimna poroka v dolini So\u010de -Zadnja Trenta, Kek\u010deva doma\u010dija\" \/>\n<meta property=\"og:description\" content=\"Intimna poroka v dolini So\u010de. Intimna poroka para iz \u0160vedske pri Kek\u010devi doma\u010diji, poro\u010dni lokaciji v osr\u010dju slovenskih alp.\" \/>\n<meta property=\"og:url\" content=\"https:\/\/nejcbole.com\/si\/intimna-poroka-v-dolini-soce\/\" \/>\n<meta property=\"og:site_name\" content=\"Nejc Bole\" \/>\n<meta property=\"article:publisher\" content=\"https:\/\/www.facebook.com\/nejcbolephotography\/\" \/>\n<meta property=\"article:published_time\" content=\"2019-01-14T00:20:58+00:00\" \/>\n<meta property=\"article:modified_time\" content=\"2019-04-04T22:53:00+00:00\" \/>\n<meta property=\"og:image\" content=\"https:\/\/nejcbole.com\/si\/wp-content\/uploads\/2019\/01\/NB1_0752-1.jpg\" \/>\n\t<meta property=\"og:image:width\" content=\"1200\" \/>\n\t<meta property=\"og:image:height\" content=\"682\" \/>\n<meta name=\"twitter:card\" content=\"summary\" \/>\n<meta name=\"twitter:creator\" content=\"@kamplcshop\" \/>\n<meta name=\"twitter:site\" content=\"@kamplcshop\" \/>\n<meta name=\"twitter:label1\" content=\"Est. reading time\">\n\t<meta name=\"twitter:data1\" content=\"2 minuti\">\n<script type=\"application\/ld+json\" class=\"yoast-schema-graph\">{\"@context\":\"https:\/\/schema.org\",\"@graph\":[{\"@type\":\"WebSite\",\"@id\":\"https:\/\/nejcbole.com\/si\/#website\",\"url\":\"https:\/\/nejcbole.com\/si\/\",\"name\":\"Nejc Bole\",\"description\":\"Wedding photographer based in Slovenia. Creating wedding stories all over the world.\",\"potentialAction\":[{\"@type\":\"SearchAction\",\"target\":\"https:\/\/nejcbole.com\/si\/?s={search_term_string}\",\"query-input\":\"required name=search_term_string\"}],\"inLanguage\":\"sl-SI\"},{\"@type\":\"ImageObject\",\"@id\":\"https:\/\/nejcbole.com\/si\/intimna-poroka-v-dolini-soce\/#primaryimage\",\"inLanguage\":\"sl-SI\",\"url\":\"https:\/\/nejcbole.com\/si\/wp-content\/uploads\/2019\/01\/NB1_0752-1.jpg\",\"contentUrl\":\"https:\/\/nejcbole.com\/si\/wp-content\/uploads\/2019\/01\/NB1_0752-1.jpg\",\"width\":1200,\"height\":682,\"caption\":\"destination elopement in So\\u010da valley\"},{\"@type\":\"WebPage\",\"@id\":\"https:\/\/nejcbole.com\/si\/intimna-poroka-v-dolini-soce\/#webpage\",\"url\":\"https:\/\/nejcbole.com\/si\/intimna-poroka-v-dolini-soce\/\",\"name\":\"Intimna poroka v dolini So\\u010de -Zadnja Trenta, Kek\\u010deva doma\\u010dija\",\"isPartOf\":{\"@id\":\"https:\/\/nejcbole.com\/si\/#website\"},\"primaryImageOfPage\":{\"@id\":\"https:\/\/nejcbole.com\/si\/intimna-poroka-v-dolini-soce\/#primaryimage\"},\"datePublished\":\"2019-01-14T00:20:58+00:00\",\"dateModified\":\"2019-04-04T22:53:00+00:00\",\"author\":{\"@id\":\"https:\/\/nejcbole.com\/si\/#\/schema\/person\/c1bc84bbc85fda96e3aab6fc2b346d09\"},\"description\":\"Intimna poroka v dolini So\\u010de. Intimna poroka para iz \\u0160vedske pri Kek\\u010devi doma\\u010diji, poro\\u010dni lokaciji v osr\\u010dju slovenskih alp.\",\"breadcrumb\":{\"@id\":\"https:\/\/nejcbole.com\/si\/intimna-poroka-v-dolini-soce\/#breadcrumb\"},\"inLanguage\":\"sl-SI\",\"potentialAction\":[{\"@type\":\"ReadAction\",\"target\":[\"https:\/\/nejcbole.com\/si\/intimna-poroka-v-dolini-soce\/\"]}]},{\"@type\":\"BreadcrumbList\",\"@id\":\"https:\/\/nejcbole.com\/si\/intimna-poroka-v-dolini-soce\/#breadcrumb\",\"itemListElement\":[{\"@type\":\"ListItem\",\"position\":1,\"item\":{\"@type\":\"WebPage\",\"@id\":\"https:\/\/nejcbole.com\/si\/\",\"url\":\"https:\/\/nejcbole.com\/si\/\",\"name\":\"Home\"}},{\"@type\":\"ListItem\",\"position\":2,\"item\":{\"@id\":\"https:\/\/nejcbole.com\/si\/intimna-poroka-v-dolini-soce\/#webpage\"}}]},{\"@type\":\"Person\",\"@id\":\"https:\/\/nejcbole.com\/si\/#\/schema\/person\/c1bc84bbc85fda96e3aab6fc2b346d09\",\"name\":\"kamplc\"}]}<\/script>\n<!-- \/ Yoast SEO plugin. -->","_links":{"self":[{"href":"https:\/\/nejcbole.com\/si\/wp-json\/wp\/v2\/posts\/5324"}],"collection":[{"href":"https:\/\/nejcbole.com\/si\/wp-json\/wp\/v2\/posts"}],"about":[{"href":"https:\/\/nejcbole.com\/si\/wp-json\/wp\/v2\/types\/post"}],"author":[{"embeddable":true,"href":"https:\/\/nejcbole.com\/si\/wp-json\/wp\/v2\/users\/1"}],"replies":[{"embeddable":true,"href":"https:\/\/nejcbole.com\/si\/wp-json\/wp\/v2\/comments?post=5324"}],"version-history":[{"count":7,"href":"https:\/\/nejcbole.com\/si\/wp-json\/wp\/v2\/posts\/5324\/revisions"}],"predecessor-version":[{"id":5349,"href":"https:\/\/nejcbole.com\/si\/wp-json\/wp\/v2\/posts\/5324\/revisions\/5349"}],"wp:featuredmedia":[{"embeddable":true,"href":"https:\/\/nejcbole.com\/si\/wp-json\/wp\/v2\/media\/5316"}],"wp:attachment":[{"href":"https:\/\/nejcbole.com\/si\/wp-json\/wp\/v2\/media?parent=5324"}],"wp:term":[{"taxonomy":"category","embeddable":true,"href":"https:\/\/nejcbole.com\/si\/wp-json\/wp\/v2\/categories?post=5324"},{"taxonomy":"post_tag","embeddable":true,"href":"https:\/\/nejcbole.com\/si\/wp-json\/wp\/v2\/tags?post=5324"}],"curies":[{"name":"wp","href":"https:\/\/api.w.org\/{rel}","templated":true}]}}